{"id":829,"date":"2016-06-21T11:35:21","date_gmt":"2016-06-21T09:35:21","guid":{"rendered":"http:\/\/www.tour-sa.com\/?p=829"},"modified":"2020-12-12T14:33:25","modified_gmt":"2020-12-12T13:33:25","slug":"logistica-empresa-8-claus","status":"publish","type":"post","link":"https:\/\/www.tour-sa.com\/ca\/logistica-empresa-8-claus\/","title":{"rendered":"La log\u00edstica de la teva empresa: 8 claus per a la gesti\u00f3 del magatzem"},"content":{"rendered":"<p><span class=\"tx\">En una empresa de missatgeria i log\u00edstica, el punt cr\u00edtic \u00e9s sempre\u00a0<\/span><span class=\"tx\">la gesti\u00f3 del magatzem. De fet, l\u2019\u00e8xit de la teva empresa dep\u00e8n, en<\/span><span class=\"tx\">gran mesura, d\u2019aquesta tasca. Per aix\u00f2, has d\u2019aprendre\u00a0<\/span><span class=\"tx\">a<strong>\u00a0<\/strong><\/span><strong><span class=\"tx f249\">gestionar i organitzar el teu magatzem<\/span><\/strong><span class=\"tx\">\u00a0si realment vols\u00a0<\/span><span class=\"tx\">convertir-te en\u00a0<\/span><span class=\"tx f249\">la <strong>millor<a href=\"https:\/\/www.tour-sa.com\/ca\/paqueteria-expres-barcelona\/\"> empresa de paqueteria<\/a><\/strong><\/span><span class=\"tx\">.\u00a0<\/span><span class=\"tx\">El magatzem \u00e9s una unitat de suport en l\u2019estructura org\u00e0nica\u00a0<\/span><span class=\"tx\">d\u2019una empresa comercial o industrial amb uns objectius molt\u00a0<\/span><span class=\"tx\">marcats, entre els quals es troba el control de materials i<\/span><span class=\"tx\">productes.\u00a0<\/span><span class=\"tx\">Hi ha altres objectius que cal tenir en compte a l\u2019hora de realitzar<\/span><span class=\"tx\">la gesti\u00f3 dels magatzems. S\u00f3n els seg\u00fcents:<\/span><\/p>\n<ul>\n<li class=\"tb f245\"><span class=\"tx\">Fiabilitat<\/span><\/li>\n<li class=\"tb f245\"><span class=\"tx\">Reducci\u00f3 de costos<\/span><\/li>\n<li class=\"tb f245\"><span class=\"tx\">Reducci\u00f3 de les operacions de log\u00edstica i transport<\/span><\/li>\n<li class=\"tb f245\"><span class=\"tx\">Rapidesa en els enviaments<\/span><\/li>\n<\/ul>\n<div class=\"tb f245\"><\/div>\n<div class=\"tb f245\"><span class=\"tx\">Tots aquests objectius aportaran una s\u00e8rie de beneficis per la\u00a0<\/span><span class=\"tx\">nostra empresa que milloraran, sens dubte, la qualitat de vida dels\u00a0<\/span><span class=\"tx\">treballadors i alleugeren totes les feines. Parlem de factors com la\u00a0<\/span><span class=\"tx\">reducci\u00f3 de costos, un increment en la satisfacci\u00f3 del client o la\u00a0<\/span><span class=\"tx\">millora de la qualitat del producte.\u00a0<\/span><span class=\"tx\">Des de Tour SA et proposem 8 consells d\u2019or per ajudar-te a\u00a0<\/span><span class=\"tx\">augmentar radicalment la productivitat de la teva empresa i poder\u00a0<\/span><span class=\"tx\">mantenir el magatzem sempre organitzat.<\/span><\/div>\n<div id=\"toc_container\" class=\"no_bullets\"><p class=\"toc_title\">&iacute;ndice<\/p><ul class=\"toc_list\"><li><a href=\"#1_L8217organitzacio_es_la_clau\"><span class=\"toc_number toc_depth_1\">1<\/span> 1. L&#8217;organitzaci\u00f3 \u00e9s la clau<\/a><\/li><li><a href=\"#2_Estableix_un_control_de_qualitat\"><span class=\"toc_number toc_depth_1\">2<\/span> 2. Estableix un control de qualitat<\/a><\/li><li><a href=\"#3_Aplica_el_sentit_comu_en_la_gestio_del_teu_estoc\"><span class=\"toc_number toc_depth_1\">3<\/span> 3. Aplica el sentit com\u00fa en la gesti\u00f3 del teu estoc<\/a><\/li><li><a href=\"#4_Reorganitza_les_prioritats_del_teu_magatzem\"><span class=\"toc_number toc_depth_1\">4<\/span> 4. Reorganitza les prioritats del teu magatzem<\/a><\/li><li><a href=\"#5_Mantingues_el_teu_magatzem_segur\"><span class=\"toc_number toc_depth_1\">5<\/span> 5. Mantingues el teu magatzem segur<\/a><\/li><li><a href=\"#6_Treballa_amb_la_llum_apropiada\"><span class=\"toc_number toc_depth_1\">6<\/span> 6. Treballa amb la llum apropiada<\/a><\/li><li><a href=\"#7_Entrena_als_teus_operaris_de_magatzem\"><span class=\"toc_number toc_depth_1\">7<\/span> 7. Entrena als teus operaris de magatzem<\/a><\/li><li><a href=\"#8_Utilitza_el_programari_adequat\"><span class=\"toc_number toc_depth_1\">8<\/span> 8. Utilitza el programari adequat<\/a><\/li><\/ul><\/div>\n<h2><span id=\"1_L8217organitzacio_es_la_clau\">1. L&#8217;organitzaci\u00f3 \u00e9s la clau<\/span><\/h2>\n<p><span class=\"tx\">El proc\u00e9s de planificaci\u00f3 i organitzaci\u00f3 \u00e9s molt estrat\u00e8gic, ja<\/span><span class=\"tx\">que \u00e9s essencial per potenciar els avantatges competitius que<\/span><span class=\"tx\">l\u2019empresa s\u2019ha plantejat.\u00a0<\/span><\/p>\n<p><span class=\"tx\">Si el teu magatzem no est\u00e0 organitzat, els productes que vagin\u00a0<\/span><span class=\"tx\">entrant no seran dipositats en el seu lloc corresponent i el resultat\u00a0<\/span><span class=\"tx\">ser\u00e0 un complet caos.<strong>\u00a0<\/strong><\/span><strong><span class=\"tx f249\">Etiquetar les diferents \u00e0rees del teu\u00a0<\/span><span class=\"tx f249\">magatzem<\/span><\/strong><span class=\"tx\">\u00a0i establir un protocol d\u2019actuaci\u00f3 ajudar\u00e0 als teus\u00a0<\/span><span class=\"tx\">operaris de magatzem a ser m\u00e9s productius i a evitar incid\u00e8ncies\u00a0<\/span><span class=\"tx\">durant els enviaments.\u00a0<\/span><span class=\"tx\">Altres processos de planificaci\u00f3 que cal tenir en compte podrien\u00a0<\/span><span class=\"tx\">ser el disseny de la xarxa de distribuci\u00f3 de la companyia,\u00a0<\/span><span class=\"tx\">responsabilitats de la gesti\u00f3 de magatzems, ubicaci\u00f3 i mida dels\u00a0<\/span><span class=\"tx\">magatzems i el disseny dels magatzems.<\/span><\/p>\n<h2><span id=\"2_Estableix_un_control_de_qualitat\">2. Estableix un control de qualitat<\/span><\/h2>\n<p><span class=\"tx\">Un dels majors problemes que tenen les empreses de missatgeria\u00a0<\/span><span class=\"tx\">s\u00f3n els paquets que arriben defectuosos. Quan fas un enviament\u00a0<\/span><span class=\"tx\">que no est\u00e0 en condicions tens totes les possibilitats\u00a0que el client et\u00a0<\/span><span class=\"tx\">retorni l\u2019enviament i tu hagis d\u2019assumir els costos de devoluci\u00f3.\u00a0<\/span><span class=\"tx\">Per aix\u00f2, \u00e9s capital que realitzis un\u00a0<\/span><span class=\"tx f249\">control de qualitat<\/span><span class=\"tx\">\u00a0cada\u00a0cop<\/span><span class=\"tx\">\u00a0que arribi estoc al teu magatzem.\u00a0<\/span><span class=\"tx\">Les conseq\u00fc\u00e8ncies de no realitzar un <strong>bon control de qualitat<\/strong> i, per\u00a0<\/span><span class=\"tx\">tant, d&#8217;enviar articles en mal estat, pot provocar grans problemes\u00a0<\/span><span class=\"tx\">econ\u00f2mics, aix\u00ed com una mala imatge de l\u2019empresa i, per tant, una\u00a0<\/span><span class=\"tx\">clara insatisfacci\u00f3 dels clients.<\/span><\/p>\n<h2><span id=\"3_Aplica_el_sentit_comu_en_la_gestio_del_teu_estoc\">3. Aplica el sentit com\u00fa en la gesti\u00f3 del teu estoc<\/span><\/h2>\n<p>Reduir els temps en el teu magatzem \u00e9s la manera m\u00e9s eficient de minimitzar els costos. Per aconseguir-ho, hi ha una regla d&#8217;or que mai has d&#8217;oblidar: aplicar el sentit com\u00fa en totes les teves gestions. Et resultar\u00e0 molt interessant destinar cert temps a la setmana per repensar les accions que haur\u00e0s de seguir durant els propers dies i establir una estrat\u00e8gia predeterminada per determinar com vas a plantejar les properes accions al teu <a href=\"https:\/\/www.tour-sa.com\/ca\/logistica-barcelona\/\">centre de log\u00edstica.<\/a><\/p>\n<div class=\"tb f245\"><span class=\"tx\">Els models m\u00e9s utilitzats en la gesti\u00f3 d\u2019estoc s\u00f3n els seg\u00fcents:<\/span><\/div>\n<div class=\"tb f245\"><\/div>\n<ul>\n<li class=\"tb f245\"><strong><span class=\"tx f249\">Model ABC:\u00a0<\/span><\/strong><span class=\"tx\">es classifiquen les mercaderies en tres classes\u00a0<\/span><span class=\"tx\">despr\u00e9s d\u2019organitzar-les al magatzem.<\/span><\/li>\n<li class=\"tb f245\"><strong><span class=\"tx f249\">Model <em>Just in Time<\/em><\/span><\/strong><span class=\"tx\">: la gesti\u00f3 de l\u2019empresa demana\u00a0<\/span><span class=\"tx\">productes quan t\u00e9 comandes. Sempre hi ha el risc que no hi\u00a0<\/span><span class=\"tx\">hagi articles suficients, per\u00f2 ajuda molt a optimitzar l\u2019espai.<\/span><\/li>\n<li class=\"tb f245\"><span class=\"tx f249\"><strong>Model <a href=\"http:\/\/e-ducativa.catedu.es\/44700165\/aula\/archivos\/repositorio\/2750\/2774\/html\/25_modelo_wilson.html\">Wilson<\/a>:<\/strong>\u00a0<\/span><span class=\"tx\">en aquest model de gesti\u00f3, les empreses\u00a0<\/span><span class=\"tx\">realitzen grans quantitats de producte en una comanda\u00a0<\/span><span class=\"tx\">perqu\u00e8 saben que vendran r\u00e0pidament i, s\u2019estalvien,\u00a0<\/span><span class=\"tx\">d\u2019aquesta manera, costos en el transport.<\/span><\/li>\n<li class=\"tb f245\"><span class=\"tx f249\"><strong>Mercaderies amb la lletra A:<\/strong>\u00a0<\/span><span class=\"tx\">s\u00f3n les mercaderies\u00a0<\/span><span class=\"tx\">importants i les que m\u00e9s valor tenen per l\u2019empresa, aix\u00ed que<\/span><span class=\"tx\">s\u00f3n les que cal tractar amb m\u00e9s cura.<\/span><\/li>\n<li class=\"tb f245\"><strong><span class=\"tx f249\">Mercaderies amb la lletra B:<\/span><\/strong><span class=\"tx\"><strong>\u00a0<\/strong>s\u00f3n les mercaderies\u00a0<\/span><span class=\"tx\">importants, per\u00f2 no tant com les del grup anterior. \u00c9s\u00a0<\/span><span class=\"tx\">important saber sempre quantes en tenim al magatzem.<\/span><\/li>\n<li class=\"tb f245\"><span class=\"tx f249\"><strong>Mercaderies amb la lletra C:<\/strong>\u00a0<\/span><span class=\"tx\">s\u00f3n les mercaderies menys importants per\u00a0<\/span><span class=\"tx\">a l\u2019empresa i no \u00e9s tant essencial tenir-les sempre\u00a0<\/span><span class=\"tx\">localitzades.<\/span><\/li>\n<\/ul>\n<h2><span id=\"4_Reorganitza_les_prioritats_del_teu_magatzem\">4. Reorganitza les prioritats del teu magatzem<\/span><\/h2>\n<p>El que avui funciona en el teu magatzem \u00e9s possible que ja no tingui sentit d&#8217;aqu\u00ed a dos mesos. Realitzar<strong> revisions d&#8217;inventari peri\u00f2diques<\/strong> t&#8217;ajudar\u00e0 a avan\u00e7ar-te a possibles variacions d&#8217;estoc en el futur. Per exemple, segur que a l&#8217;estiu, l&#8217;estoc que ha de ser emmagatzemat en fred ocupar\u00e0 m\u00e9s espai del normal. En canvi, a l&#8217;hivern, no tindr\u00e0s tanta necessitat de refrigerar les teves mercaderies.<\/p>\n<h2><span id=\"5_Mantingues_el_teu_magatzem_segur\">5. Mantingues el teu magatzem segur<\/span><\/h2>\n<p>De vegades aquesta \u00e9s una prioritat que passa desapercebuda. L&#8217;ordre del teu magatzem no ha de quedar-se, \u00fanicament, en les prestatgeries. Tamb\u00e9 has de mantenir<strong> netes i organitzades<\/strong> totes les teves instal\u00b7lacions.<\/p>\n<div class=\"tb f245\"><span class=\"tx\">De vegades aquesta \u00e9s una prioritat que passa desapercebuda.\u00a0<\/span><span class=\"tx\">L\u2019<a href=\"https:\/\/www.aec.es\/web\/guest\/centro-conocimiento\/gestion-de-almacen\">ordre del teu magatzem<\/a> no ha de quedar-se, \u00fanicament, en les\u00a0<\/span><span class=\"tx\">prestatgeries. Tamb\u00e9 has de mantenir<\/span><span class=\"tx f249\">\u00a0<strong>netes i organitzades<\/strong><\/span><span class=\"tx\"><strong>\u00a0<\/strong>totes\u00a0<\/span><span class=\"tx\">les teves instal\u00b7lacions.\u00a0<\/span><span class=\"tx\">L\u2019objectiu de mantenir un magatzem segur \u00e9s <strong>garantir que els\u00a0<\/strong><\/span><span class=\"tx\"><strong>treballadors es trobin en perfectes condicions<\/strong> f\u00edsiques (i\u00a0psicol\u00f2giques<\/span><span class=\"tx\">). Alguns dels altres consells per mantenir el magatzem\u00a0<\/span><span class=\"tx\">segur s\u00f3n els seg\u00fcents:<\/span><\/div>\n<div class=\"tb f245\"><\/div>\n<ul>\n<li class=\"tb f245\"><span class=\"tx\">\u00d2ptima il\u00b7luminaci\u00f3 i ventilaci\u00f3 apropiada.<\/span><\/li>\n<li class=\"tb f245\"><span class=\"tx\">Senyalitzaci\u00f3 i sortides d\u2019emerg\u00e8ncia.<\/span><\/li>\n<li class=\"tb f245\"><span class=\"tx\">Mides adequades per poder moure\u2019s de manera c\u00f2moda en\u00a0<\/span><span class=\"tx\">casos extrems.<\/span><\/li>\n<li class=\"tb f245\"><span class=\"tx\">Vies exclusives per al despla\u00e7ament de persones.\u00a0<\/span><\/li>\n<\/ul>\n<div class=\"tb f245\"><span class=\"tx\">Els encarregats de l\u2019empresa han\u00a0d\u2019assegurar-se sempre\u00a0<\/span><span class=\"tx\">que el magatzem compleixi\u00a0totes aquestes normes de seguretat. A\u00a0<\/span><span class=\"tx\">m\u00e9s a m\u00e9s, hauran de mantenir els passadissos nets i sense\u00a0<\/span><span class=\"tx\">obstacles, respectar les normes de circulaci\u00f3 dins del\u00a0<\/span><span class=\"tx\">magatzem utilitzar mitjans de protecci\u00f3 i assegurar-se que\u00a0<\/span><span class=\"tx\">els treballadors ho fan i emmagatzemar els materials\u00a0<\/span><span class=\"tx\">correctament.<\/span><\/div>\n<p>&nbsp;<\/p>\n<h2><span id=\"6_Treballa_amb_la_llum_apropiada\">6. Treballa amb la llum apropiada<\/span><\/h2>\n<p>Un magatzem llumin\u00f3s \u00e9s important per<strong> guanyar en la seguretat<\/strong> i en l&#8217;habilitat dels treballadors. I \u00e9s que, la llum apropiada \u00e9s crucial per a qu\u00e8 puguin ser detectades les possibles incid\u00e8ncies en l\u2019stock..\u00a0<span class=\"tx\">Algunes de les t\u00e8cniques d\u2019il\u00b7luminaci\u00f3 m\u00e9s adequades per als\u00a0<\/span><span class=\"tx\">magatzems s\u00f3n les seg\u00fcents:<\/span><\/p>\n<p><span class=\"tx\"><span class=\"tx\"><strong>Difuminar:<\/strong> la llum ha d\u2019evitar que els treballadors\u00a0<\/span><span class=\"tx\">s\u2019enlluernin per la llum. Les bombetes LED s\u00f3n les m\u00e9s\u00a0<\/span><span class=\"tx\">adequades en aquest cas.<\/span><br \/>\n<span class=\"tx\"><strong>Quantitat:<\/strong> la il\u00b7luminaci\u00f3 ha de ser sempre adequada, ni\u00a0<\/span><span class=\"tx\">excessiva ni insuficient. A m\u00e9s, ha d\u2019estar en el lloc\u00a0<\/span><span class=\"tx\">adequat.<\/span><br \/>\n<span class=\"tx\"><strong>Ombres:<\/strong> la instal\u00b7laci\u00f3 de LED ha d\u2019estar ben ubicada<\/span><span class=\"tx\">perqu\u00e8 no produeixi ombres i no dificulti la visibilitat als\u00a0<\/span><span class=\"tx\">treballadors.<\/span><br \/>\n<span class=\"tx\"><strong>Efecte estrobosc\u00f2pic<\/strong>: \u00e9s un efecte que produeix el vaiv\u00e9 de<\/span><span class=\"tx\">les llums i pot ser molt negatiu per a la visi\u00f3 dels\u00a0<\/span><span class=\"tx\">treballadors. Per evitar-ho s\u2019ha d\u2019utilitzar una instal\u00b7laci\u00f3\u00a0<\/span><span class=\"tx\">correcta de la llum.<\/span><\/span><\/p>\n<h2><span id=\"7_Entrena_als_teus_operaris_de_magatzem\">7. Entrena als teus operaris de magatzem<\/span><\/h2>\n<p>El treball en un centre de log\u00edstica requereix ser molt met\u00f2dic i organitzat. Si ets el responsable de log\u00edstica i est\u00e0s al comandament d&#8217;un magatzem, has d&#8217;establir una<strong> estrat\u00e8gia d&#8217;actuaci\u00f3<\/strong> i entrenar al teu equip per a qu\u00e8 s\u00e0piguen qu\u00e8 \u00e9s el que han de fer a cada moment. Organitza reunions setmanals en les quals els informis dels procediments a seguir cada vegada que arribi una comanda.<\/p>\n<h2><span id=\"8_Utilitza_el_programari_adequat\">8. Utilitza el programari adequat<\/span><\/h2>\n<p>En el sector de la log\u00edstica, <strong>les noves tecnologies<\/strong> han ajudat notablement a <strong>millorar la productivitat<\/strong>. Avui, sembla impensable que una <a href=\"https:\/\/www.tour-sa.com\/ca\/\">empresa de missatgeria<\/a> treballi sense un sistema d&#8217;etiquetatge i un programa de control de les mercaderies. \u00c9s important que li donis import\u00e0ncia a\u00a0aquest punt perqu\u00e8 d&#8217;aix\u00f2 dep\u00e8n, en gran mesura, l&#8217;\u00e8xit de la teva empresa.\u00a0<span class=\"tx\">\u00c9s necessari escollir un bon software de gesti\u00f3 de magatzem per\u00a0<\/span><span class=\"tx\">al futur de l\u2019empresa. <\/span><\/p>\n<p><span class=\"tx\">S\u2019han de valorar les diferents opcions del\u00a0<\/span><span class=\"tx\">mercat i escollir la m\u00e9s adequada per a les nostres instal\u00b7lacions.\u00a0<span class=\"tx\">El software permetr\u00e0 que es garanteixi un volum m\u00e9s gran de\u00a0<\/span><span class=\"tx\">productivitat, m\u00e9s efic\u00e0cia i un correcte funcionament dels<\/span><span class=\"tx\">elements integrats. Tamb\u00e9 ser\u00e0 important que sigui f\u00e0cil\u00a0<\/span><span class=\"tx\">d\u2019utilitzar i que ajudi a l\u2019hora de prendre decisions. A m\u00e9s, un bon\u00a0<\/span><span class=\"tx\">software ajudar\u00e0 a la millora de l\u2019inventari i de tots els processos\u00a0<\/span><span class=\"tx\">log\u00edstics de l\u2019empresa.<\/span><\/span><\/p>\n","protected":false},"excerpt":{"rendered":"<p>En una empresa de missatgeria i log\u00edstica, el punt cr\u00edtic \u00e9s sempre\u00a0la gesti\u00f3 del magatzem. De fet, l\u2019\u00e8xit de la teva empresa dep\u00e8n, engran mesura, d\u2019aquesta tasca. Per aix\u00f2, has d\u2019aprendre\u00a0a\u00a0gestionar i organitzar el teu magatzem\u00a0si realment vols\u00a0convertir-te en\u00a0la millor empresa de paqueteria.\u00a0El magatzem \u00e9s una unitat de suport en l\u2019estructura org\u00e0nica\u00a0d\u2019una empresa comercial o [&hellip;]<\/p>\n","protected":false},"author":3,"featured_media":5294,"comment_status":"open","ping_status":"open","sticky":false,"template":"","format":"standard","meta":{"_et_pb_use_builder":"","_et_pb_old_content":"","_et_gb_content_width":""},"categories":[21],"tags":[35],"yoast_head":"<!-- This site is optimized with the Yoast SEO plugin v18.4.1 - https:\/\/yoast.com\/wordpress\/plugins\/seo\/ -->\n<title>La log\u00edstica de la empresa: 8 claus per a la gesti\u00f3 del magatzem<\/title>\n<meta name=\"description\" content=\"Tour SA presenta 8 normes clau per a la gesti\u00f3 del teu magatzem i la millora de la productivitat de la log\u00edstica de la empresa.\" \/>\n<meta name=\"robots\" content=\"index, follow, max-snippet:-1, max-image-preview:large, max-video-preview:-1\" \/>\n<link rel=\"canonical\" href=\"https:\/\/www.tour-sa.com\/ca\/logistica-empresa-8-claus\/\" \/>\n<meta property=\"og:locale\" content=\"ca_ES\" \/>\n<meta property=\"og:type\" content=\"article\" \/>\n<meta property=\"og:title\" content=\"La log\u00edstica de la empresa: 8 claus per a la gesti\u00f3 del magatzem\" \/>\n<meta property=\"og:description\" content=\"Tour SA presenta 8 normes clau per a la gesti\u00f3 del teu magatzem i la millora de la productivitat de la log\u00edstica de la empresa.\" \/>\n<meta property=\"og:url\" content=\"https:\/\/www.tour-sa.com\/ca\/logistica-empresa-8-claus\/\" \/>\n<meta property=\"og:site_name\" content=\"Tour SA\" \/>\n<meta property=\"article:published_time\" content=\"2016-06-21T09:35:21+00:00\" \/>\n<meta property=\"article:modified_time\" content=\"2020-12-12T13:33:25+00:00\" \/>\n<meta property=\"og:image\" content=\"https:\/\/www.tour-sa.com\/wp-content\/uploads\/2016\/06\/gestion-almacen.jpg\" \/>\n\t<meta property=\"og:image:width\" content=\"900\" \/>\n\t<meta property=\"og:image:height\" content=\"600\" \/>\n\t<meta property=\"og:image:type\" content=\"image\/jpeg\" \/>\n<meta name=\"twitter:card\" content=\"summary\" \/>\n<meta name=\"twitter:title\" content=\"La log\u00edstica de la empresa: 8 claus per a la gesti\u00f3 del magatzem\" \/>\n<meta name=\"twitter:description\" content=\"Tour SA presenta 8 normes clau per a la gesti\u00f3 del teu magatzem i la millora de la productivitat de la log\u00edstica de la empresa.\" \/>\n<meta name=\"twitter:image\" content=\"https:\/\/www.tour-sa.com\/wp-content\/uploads\/2016\/06\/gestion-almacen.jpg\" \/>\n<meta name=\"twitter:label1\" content=\"Escrit per\" \/>\n\t<meta name=\"twitter:data1\" content=\"Tour SA\" \/>\n\t<meta name=\"twitter:label2\" content=\"Temps estimat de lectura\" \/>\n\t<meta name=\"twitter:data2\" content=\"7 minuts\" \/>\n<script type=\"application\/ld+json\" class=\"yoast-schema-graph\">{\"@context\":\"https:\/\/schema.org\",\"@graph\":[{\"@type\":\"Organization\",\"@id\":\"https:\/\/www.tour-sa.com\/#organization\",\"name\":\"Tour SA\",\"url\":\"https:\/\/www.tour-sa.com\/\",\"sameAs\":[],\"logo\":{\"@type\":\"ImageObject\",\"@id\":\"https:\/\/www.tour-sa.com\/#logo\",\"inLanguage\":\"ca\",\"url\":\"\",\"contentUrl\":\"\",\"caption\":\"Tour SA\"},\"image\":{\"@id\":\"https:\/\/www.tour-sa.com\/#logo\"}},{\"@type\":\"WebSite\",\"@id\":\"https:\/\/www.tour-sa.com\/#website\",\"url\":\"https:\/\/www.tour-sa.com\/\",\"name\":\"Tour SA\",\"description\":\"Missatgeria urgent, transport, log\u00edstica i distribuci\u00f3\",\"publisher\":{\"@id\":\"https:\/\/www.tour-sa.com\/#organization\"},\"potentialAction\":[{\"@type\":\"SearchAction\",\"target\":{\"@type\":\"EntryPoint\",\"urlTemplate\":\"https:\/\/www.tour-sa.com\/?s={search_term_string}\"},\"query-input\":\"required name=search_term_string\"}],\"inLanguage\":\"ca\"},{\"@type\":\"ImageObject\",\"@id\":\"https:\/\/www.tour-sa.com\/ca\/logistica-empresa-8-claus\/#primaryimage\",\"inLanguage\":\"ca\",\"url\":\"https:\/\/www.tour-sa.com\/wp-content\/uploads\/2016\/06\/gestion-almacen.jpg\",\"contentUrl\":\"https:\/\/www.tour-sa.com\/wp-content\/uploads\/2016\/06\/gestion-almacen.jpg\",\"width\":900,\"height\":600,\"caption\":\"8 claves para la gesti\u00f3n de almac\u00e9n\"},{\"@type\":\"WebPage\",\"@id\":\"https:\/\/www.tour-sa.com\/ca\/logistica-empresa-8-claus\/#webpage\",\"url\":\"https:\/\/www.tour-sa.com\/ca\/logistica-empresa-8-claus\/\",\"name\":\"La log\u00edstica de la empresa: 8 claus per a la gesti\u00f3 del magatzem\",\"isPartOf\":{\"@id\":\"https:\/\/www.tour-sa.com\/#website\"},\"primaryImageOfPage\":{\"@id\":\"https:\/\/www.tour-sa.com\/ca\/logistica-empresa-8-claus\/#primaryimage\"},\"datePublished\":\"2016-06-21T09:35:21+00:00\",\"dateModified\":\"2020-12-12T13:33:25+00:00\",\"description\":\"Tour SA presenta 8 normes clau per a la gesti\u00f3 del teu magatzem i la millora de la productivitat de la log\u00edstica de la empresa.\",\"breadcrumb\":{\"@id\":\"https:\/\/www.tour-sa.com\/ca\/logistica-empresa-8-claus\/#breadcrumb\"},\"inLanguage\":\"ca\",\"potentialAction\":[{\"@type\":\"ReadAction\",\"target\":[\"https:\/\/www.tour-sa.com\/ca\/logistica-empresa-8-claus\/\"]}]},{\"@type\":\"BreadcrumbList\",\"@id\":\"https:\/\/www.tour-sa.com\/ca\/logistica-empresa-8-claus\/#breadcrumb\",\"itemListElement\":[{\"@type\":\"ListItem\",\"position\":1,\"name\":\"Portada\",\"item\":\"https:\/\/www.tour-sa.com\/ca\/\"},{\"@type\":\"ListItem\",\"position\":2,\"name\":\"La log\u00edstica de la teva empresa: 8 claus per a la gesti\u00f3 del magatzem\"}]},{\"@type\":\"Article\",\"@id\":\"https:\/\/www.tour-sa.com\/ca\/logistica-empresa-8-claus\/#article\",\"isPartOf\":{\"@id\":\"https:\/\/www.tour-sa.com\/ca\/logistica-empresa-8-claus\/#webpage\"},\"author\":{\"@id\":\"https:\/\/www.tour-sa.com\/#\/schema\/person\/18fad9d124c4d4b0142a5c1832535c1c\"},\"headline\":\"La log\u00edstica de la teva empresa: 8 claus per a la gesti\u00f3 del magatzem\",\"datePublished\":\"2016-06-21T09:35:21+00:00\",\"dateModified\":\"2020-12-12T13:33:25+00:00\",\"mainEntityOfPage\":{\"@id\":\"https:\/\/www.tour-sa.com\/ca\/logistica-empresa-8-claus\/#webpage\"},\"wordCount\":1406,\"commentCount\":0,\"publisher\":{\"@id\":\"https:\/\/www.tour-sa.com\/#organization\"},\"image\":{\"@id\":\"https:\/\/www.tour-sa.com\/ca\/logistica-empresa-8-claus\/#primaryimage\"},\"thumbnailUrl\":\"https:\/\/www.tour-sa.com\/wp-content\/uploads\/2016\/06\/gestion-almacen.jpg\",\"keywords\":[\"qualitat\"],\"articleSection\":[\"Blog\"],\"inLanguage\":\"ca\",\"potentialAction\":[{\"@type\":\"CommentAction\",\"name\":\"Comment\",\"target\":[\"https:\/\/www.tour-sa.com\/ca\/logistica-empresa-8-claus\/#respond\"]}]},{\"@type\":\"Person\",\"@id\":\"https:\/\/www.tour-sa.com\/#\/schema\/person\/18fad9d124c4d4b0142a5c1832535c1c\",\"name\":\"Tour SA\",\"image\":{\"@type\":\"ImageObject\",\"@id\":\"https:\/\/www.tour-sa.com\/#personlogo\",\"inLanguage\":\"ca\",\"url\":\"https:\/\/secure.gravatar.com\/avatar\/bde345e85304637bccb3962a5d421a2d?s=96&d=mm&r=g\",\"contentUrl\":\"https:\/\/secure.gravatar.com\/avatar\/bde345e85304637bccb3962a5d421a2d?s=96&d=mm&r=g\",\"caption\":\"Tour SA\"},\"url\":\"https:\/\/www.tour-sa.com\/ca\/author\/70u3s4ds7ri8uc10\/\"}]}<\/script>\n<!-- \/ Yoast SEO plugin. -->","yoast_head_json":{"title":"La log\u00edstica de la empresa: 8 claus per a la gesti\u00f3 del magatzem","description":"Tour SA presenta 8 normes clau per a la gesti\u00f3 del teu magatzem i la millora de la productivitat de la log\u00edstica de la empresa.","robots":{"index":"index","follow":"follow","max-snippet":"max-snippet:-1","max-image-preview":"max-image-preview:large","max-video-preview":"max-video-preview:-1"},"canonical":"https:\/\/www.tour-sa.com\/ca\/logistica-empresa-8-claus\/","og_locale":"ca_ES","og_type":"article","og_title":"La log\u00edstica de la empresa: 8 claus per a la gesti\u00f3 del magatzem","og_description":"Tour SA presenta 8 normes clau per a la gesti\u00f3 del teu magatzem i la millora de la productivitat de la log\u00edstica de la empresa.","og_url":"https:\/\/www.tour-sa.com\/ca\/logistica-empresa-8-claus\/","og_site_name":"Tour SA","article_published_time":"2016-06-21T09:35:21+00:00","article_modified_time":"2020-12-12T13:33:25+00:00","og_image":[{"width":900,"height":600,"url":"https:\/\/www.tour-sa.com\/wp-content\/uploads\/2016\/06\/gestion-almacen.jpg","type":"image\/jpeg"}],"twitter_card":"summary","twitter_title":"La log\u00edstica de la empresa: 8 claus per a la gesti\u00f3 del magatzem","twitter_description":"Tour SA presenta 8 normes clau per a la gesti\u00f3 del teu magatzem i la millora de la productivitat de la log\u00edstica de la empresa.","twitter_image":"https:\/\/www.tour-sa.com\/wp-content\/uploads\/2016\/06\/gestion-almacen.jpg","twitter_misc":{"Escrit per":"Tour SA","Temps estimat de lectura":"7 minuts"},"schema":{"@context":"https:\/\/schema.org","@graph":[{"@type":"Organization","@id":"https:\/\/www.tour-sa.com\/#organization","name":"Tour SA","url":"https:\/\/www.tour-sa.com\/","sameAs":[],"logo":{"@type":"ImageObject","@id":"https:\/\/www.tour-sa.com\/#logo","inLanguage":"ca","url":"","contentUrl":"","caption":"Tour SA"},"image":{"@id":"https:\/\/www.tour-sa.com\/#logo"}},{"@type":"WebSite","@id":"https:\/\/www.tour-sa.com\/#website","url":"https:\/\/www.tour-sa.com\/","name":"Tour SA","description":"Missatgeria urgent, transport, log\u00edstica i distribuci\u00f3","publisher":{"@id":"https:\/\/www.tour-sa.com\/#organization"},"potentialAction":[{"@type":"SearchAction","target":{"@type":"EntryPoint","urlTemplate":"https:\/\/www.tour-sa.com\/?s={search_term_string}"},"query-input":"required name=search_term_string"}],"inLanguage":"ca"},{"@type":"ImageObject","@id":"https:\/\/www.tour-sa.com\/ca\/logistica-empresa-8-claus\/#primaryimage","inLanguage":"ca","url":"https:\/\/www.tour-sa.com\/wp-content\/uploads\/2016\/06\/gestion-almacen.jpg","contentUrl":"https:\/\/www.tour-sa.com\/wp-content\/uploads\/2016\/06\/gestion-almacen.jpg","width":900,"height":600,"caption":"8 claves para la gesti\u00f3n de almac\u00e9n"},{"@type":"WebPage","@id":"https:\/\/www.tour-sa.com\/ca\/logistica-empresa-8-claus\/#webpage","url":"https:\/\/www.tour-sa.com\/ca\/logistica-empresa-8-claus\/","name":"La log\u00edstica de la empresa: 8 claus per a la gesti\u00f3 del magatzem","isPartOf":{"@id":"https:\/\/www.tour-sa.com\/#website"},"primaryImageOfPage":{"@id":"https:\/\/www.tour-sa.com\/ca\/logistica-empresa-8-claus\/#primaryimage"},"datePublished":"2016-06-21T09:35:21+00:00","dateModified":"2020-12-12T13:33:25+00:00","description":"Tour SA presenta 8 normes clau per a la gesti\u00f3 del teu magatzem i la millora de la productivitat de la log\u00edstica de la empresa.","breadcrumb":{"@id":"https:\/\/www.tour-sa.com\/ca\/logistica-empresa-8-claus\/#breadcrumb"},"inLanguage":"ca","potentialAction":[{"@type":"ReadAction","target":["https:\/\/www.tour-sa.com\/ca\/logistica-empresa-8-claus\/"]}]},{"@type":"BreadcrumbList","@id":"https:\/\/www.tour-sa.com\/ca\/logistica-empresa-8-claus\/#breadcrumb","itemListElement":[{"@type":"ListItem","position":1,"name":"Portada","item":"https:\/\/www.tour-sa.com\/ca\/"},{"@type":"ListItem","position":2,"name":"La log\u00edstica de la teva empresa: 8 claus per a la gesti\u00f3 del magatzem"}]},{"@type":"Article","@id":"https:\/\/www.tour-sa.com\/ca\/logistica-empresa-8-claus\/#article","isPartOf":{"@id":"https:\/\/www.tour-sa.com\/ca\/logistica-empresa-8-claus\/#webpage"},"author":{"@id":"https:\/\/www.tour-sa.com\/#\/schema\/person\/18fad9d124c4d4b0142a5c1832535c1c"},"headline":"La log\u00edstica de la teva empresa: 8 claus per a la gesti\u00f3 del magatzem","datePublished":"2016-06-21T09:35:21+00:00","dateModified":"2020-12-12T13:33:25+00:00","mainEntityOfPage":{"@id":"https:\/\/www.tour-sa.com\/ca\/logistica-empresa-8-claus\/#webpage"},"wordCount":1406,"commentCount":0,"publisher":{"@id":"https:\/\/www.tour-sa.com\/#organization"},"image":{"@id":"https:\/\/www.tour-sa.com\/ca\/logistica-empresa-8-claus\/#primaryimage"},"thumbnailUrl":"https:\/\/www.tour-sa.com\/wp-content\/uploads\/2016\/06\/gestion-almacen.jpg","keywords":["qualitat"],"articleSection":["Blog"],"inLanguage":"ca","potentialAction":[{"@type":"CommentAction","name":"Comment","target":["https:\/\/www.tour-sa.com\/ca\/logistica-empresa-8-claus\/#respond"]}]},{"@type":"Person","@id":"https:\/\/www.tour-sa.com\/#\/schema\/person\/18fad9d124c4d4b0142a5c1832535c1c","name":"Tour SA","image":{"@type":"ImageObject","@id":"https:\/\/www.tour-sa.com\/#personlogo","inLanguage":"ca","url":"https:\/\/secure.gravatar.com\/avatar\/bde345e85304637bccb3962a5d421a2d?s=96&d=mm&r=g","contentUrl":"https:\/\/secure.gravatar.com\/avatar\/bde345e85304637bccb3962a5d421a2d?s=96&d=mm&r=g","caption":"Tour SA"},"url":"https:\/\/www.tour-sa.com\/ca\/author\/70u3s4ds7ri8uc10\/"}]}},"_links":{"self":[{"href":"https:\/\/www.tour-sa.com\/ca\/wp-json\/wp\/v2\/posts\/829"}],"collection":[{"href":"https:\/\/www.tour-sa.com\/ca\/wp-json\/wp\/v2\/posts"}],"about":[{"href":"https:\/\/www.tour-sa.com\/ca\/wp-json\/wp\/v2\/types\/post"}],"author":[{"embeddable":true,"href":"https:\/\/www.tour-sa.com\/ca\/wp-json\/wp\/v2\/users\/3"}],"replies":[{"embeddable":true,"href":"https:\/\/www.tour-sa.com\/ca\/wp-json\/wp\/v2\/comments?post=829"}],"version-history":[{"count":0,"href":"https:\/\/www.tour-sa.com\/ca\/wp-json\/wp\/v2\/posts\/829\/revisions"}],"wp:featuredmedia":[{"embeddable":true,"href":"https:\/\/www.tour-sa.com\/ca\/wp-json\/wp\/v2\/media\/5294"}],"wp:attachment":[{"href":"https:\/\/www.tour-sa.com\/ca\/wp-json\/wp\/v2\/media?parent=829"}],"wp:term":[{"taxonomy":"category","embeddable":true,"href":"https:\/\/www.tour-sa.com\/ca\/wp-json\/wp\/v2\/categories?post=829"},{"taxonomy":"post_tag","embeddable":true,"href":"https:\/\/www.tour-sa.com\/ca\/wp-json\/wp\/v2\/tags?post=829"}],"curies":[{"name":"wp","href":"https:\/\/api.w.org\/{rel}","templated":true}]}}