{"id":5601,"date":"2021-04-29T15:44:39","date_gmt":"2021-04-29T13:44:39","guid":{"rendered":"https:\/\/www.tour-sa.com\/?p=5601"},"modified":"2021-04-29T15:52:16","modified_gmt":"2021-04-29T13:52:16","slug":"transport-vacunes-covid19","status":"publish","type":"post","link":"https:\/\/www.tour-sa.com\/ca\/transport-vacunes-covid19\/","title":{"rendered":"Transport de vacunes per a la Covid-19. La log\u00edstica al rescat."},"content":{"rendered":"<div class=\"traductor-textarea form-group\">\n<div class=\"textarea-desti col-xs-12 col-sm-6\">\n<div class=\"form-control second-textarea\">El <strong>transport de vacunes<\/strong> contra el coronavirus suposa un <strong>gran repte per al sector log\u00edstic<\/strong>. Al nostre pa\u00eds, s\u00f3n molts els agents implicats en la consecuci\u00f3 dels objectius. Encara que, s\u00f3n les ag\u00e8ncies de transport les que han de <strong>garantir el subministrament<\/strong>.<\/div>\n<\/div>\n<\/div>\n<div class=\"traductor-checkbox form-group\">\n<div class=\"row\">\n<div class=\"col-sm-offset-2 col-sm-5\"><\/div>\n<\/div>\n<\/div>\n<div class=\"traductor-textarea form-group\">\n<div class=\"textarea-desti col-xs-12 col-sm-6\">\n<div class=\"form-control second-textarea\">Les mesures de control del servei de transport es basen en el <strong>compliment del protocol sanitari<\/strong> establert. Per a la distribuci\u00f3 de les vacunes, \u00e9s necessari mantenir uns criteris de seguretat espec\u00edfics.<\/div>\n<div><\/div>\n<\/div>\n<\/div>\n<div class=\"traductor-textarea form-group\">\n<div class=\"textarea-desti col-xs-12 col-sm-6\">\n<div id=\"toc_container\" class=\"no_bullets\"><p class=\"toc_title\">&iacute;ndice<\/p><ul class=\"toc_list\"><li><a href=\"#Com_es_realitza_el_transport_de_vacunes_contra_el_coronavirus\"><span class=\"toc_number toc_depth_1\">1<\/span> Com es realitza el transport de vacunes contra el coronavirus?<\/a><\/li><li><a href=\"#Altres_consideracions_sobre_la_logistica_de_les_vacunes\"><span class=\"toc_number toc_depth_1\">2<\/span> Altres consideracions sobre la log\u00edstica de les vacunes<\/a><\/li><\/ul><\/div>\n<h2 class=\"form-control second-textarea\"><span id=\"Com_es_realitza_el_transport_de_vacunes_contra_el_coronavirus\">Com es realitza el transport de vacunes contra el coronavirus?<\/span><\/h2>\n<\/div>\n<\/div>\n<div class=\"traductor-checkbox form-group\">\n<div class=\"row\">\n<div class=\"col-sm-offset-2 col-sm-5\">\n<div class=\"traductor-textarea form-group\">\n<div class=\"textarea-desti col-xs-12 col-sm-6\">\n<div class=\"form-control second-textarea\">La <strong>distribuci\u00f3 de les vacunes de la Covid-19<\/strong> requereix uns m\u00e8todes de <a href=\"https:\/\/www.tour-sa.com\/ca\/transport-nacional\/\">transport nacional<\/a> i internacional adaptats. Segons el tipus de vacuna i els seus <strong>requeriments de manteniment<\/strong> s&#8217;estableixen els mitjans. No \u00e9s el mateix transportar vacunes congelades que refrigerades o, a temperatura ambient.<\/div>\n<\/div>\n<\/div>\n<div class=\"traductor-checkbox form-group\">\n<div class=\"row\">\n<div class=\"col-sm-offset-2 col-sm-5\"><\/div>\n<\/div>\n<\/div>\n<\/div>\n<\/div>\n<\/div>\n<div class=\"traductor-textarea form-group\">\n<div class=\"textarea-desti col-xs-12 col-sm-6\">\n<div class=\"form-control second-textarea\">A m\u00e9s, el simple fet de tractar-se de vacunes per a la Covid-19 implica que la seguretat en mat\u00e8ria de log\u00edstica es multipliqui exponencialment. L&#8217;\u00fas de vehicles especials, sistemes d&#8217;alarma o m\u00e8todes de camuflatge \u00e9s habitual.<\/div>\n<\/div>\n<\/div>\n<div class=\"traductor-checkbox form-group\">\n<div class=\"row\">\n<div class=\"col-sm-offset-2 col-sm-5\"><\/div>\n<\/div>\n<\/div>\n<div class=\"traductor-textarea form-group\">\n<div class=\"textarea-desti col-xs-12 col-sm-6\">\n<div class=\"form-control second-textarea\">Com ja saps, el <strong>pla de vacunaci\u00f3<\/strong> al nostre pa\u00eds segueix unes pautes i el <strong>subministrament de vacunes<\/strong> \u00e9s progressiu. Pel que la log\u00edstica per a cada tipus de vials requereix d&#8217;unes premisses de transport espec\u00edfiques.<\/div>\n<\/div>\n<\/div>\n<p><img class=\"aligncenter wp-image-5603 size-full\" title=\"log\u00edstica de vacunes\" src=\"https:\/\/www.tour-sa.com\/wp-content\/uploads\/2021\/04\/logistica-vacunes.jpg\" alt=\"log\u00edstica de vacunes\" width=\"1080\" height=\"720\" srcset=\"https:\/\/www.tour-sa.com\/wp-content\/uploads\/2021\/04\/logistica-vacunes.jpg 1080w, https:\/\/www.tour-sa.com\/wp-content\/uploads\/2021\/04\/logistica-vacunes-980x653.jpg 980w, https:\/\/www.tour-sa.com\/wp-content\/uploads\/2021\/04\/logistica-vacunes-480x320.jpg 480w\" sizes=\"(min-width: 0px) and (max-width: 480px) 480px, (min-width: 481px) and (max-width: 980px) 980px, (min-width: 981px) 1080px, 100vw\" \/><\/p>\n<div class=\"traductor-textarea form-group\">\n<div class=\"textarea-desti col-xs-12 col-sm-6\">\n<h2 class=\"form-control second-textarea\"><span id=\"Altres_consideracions_sobre_la_logistica_de_les_vacunes\">Altres consideracions sobre la log\u00edstica de les vacunes<\/span><\/h2>\n<\/div>\n<\/div>\n<div class=\"traductor-textarea form-group\">\n<div class=\"textarea-desti col-xs-12 col-sm-6\">\n<div class=\"form-control second-textarea\">Per a la distribuci\u00f3 de <strong>productes que requereixen refrigeraci\u00f3<\/strong>, es necessiten unes condicions precises, com \u00e9s el cas de les vacunes que, a m\u00e9s no tenen les mateixes <strong>exig\u00e8ncies log\u00edstiques<\/strong> ja que cadascuna presenta unes especificacions concretes.<\/div>\n<\/div>\n<\/div>\n<div class=\"traductor-checkbox form-group\">\n<div class=\"row\">\n<div class=\"col-sm-offset-2 col-sm-5\"><\/div>\n<\/div>\n<\/div>\n<div class=\"traductor-textarea form-group\">\n<div class=\"textarea-desti col-xs-12 col-sm-6\">\n<div class=\"form-control second-textarea\">Coneixent les principals caracter\u00edstiques de les <strong>vacunes contra la Covid-19<\/strong>, organitzar el seu transport i magatzematge \u00e9s un treball complex. La log\u00edstica d&#8217;aquests vials requereix un control m\u00e0xim de les condicions de conservaci\u00f3 i distribuci\u00f3.<\/div>\n<\/div>\n<\/div>\n<div class=\"traductor-checkbox form-group\">\n<div class=\"row\">\n<div class=\"col-sm-offset-2 col-sm-5\"><\/div>\n<\/div>\n<\/div>\n<div class=\"traductor-textarea form-group\">\n<div class=\"textarea-desti col-xs-12 col-sm-6\">\n<div class=\"form-control second-textarea\">S&#8217;ha de respectar la cadena de fred, aplicar <strong>m\u00e8todes d&#8217;embalatge espec\u00edfics<\/strong> i assegurar els lliuraments. Per a aix\u00f2, es necessita activar una xarxa de transport que garanteixi l&#8217;operativitat dels <strong>canals de tr\u00e0nsit<\/strong>.<\/div>\n<\/div>\n<\/div>\n<div class=\"traductor-checkbox form-group\">\n<div class=\"row\">\n<div class=\"col-sm-offset-2 col-sm-5\"><\/div>\n<\/div>\n<\/div>\n<div class=\"traductor-textarea form-group\">\n<div class=\"textarea-desti col-xs-12 col-sm-6\">\n<div class=\"form-control second-textarea\">A m\u00e9s, cal comptar amb <strong>infraestructures d&#8217;emmagatzematge<\/strong>. Es necessiten instal\u00b7lacions condicionades per a mantenir la <strong>cadena de fred<\/strong> que precisa cada tipus de vacuna. Aix\u00ed, s&#8217;assegura l&#8217;optimitzaci\u00f3 del magatzematge i transport dels vials.<\/div>\n<\/div>\n<\/div>\n<div class=\"traductor-checkbox form-group\">\n<div class=\"row\">\n<div class=\"col-sm-offset-2 col-sm-5\"><\/div>\n<\/div>\n<\/div>\n<div class=\"traductor-textarea form-group\">\n<div class=\"textarea-desti col-xs-12 col-sm-6\">\n<div class=\"form-control second-textarea\">El compliment dels protocols establerts en mat\u00e8ria de transport per a les vacunes contra la Covid-19 suposa un gran desafiament log\u00edstic. Respectar les mesures i els controls de manera responsable i garantista suposa una de les proves de qualitat m\u00e9s importants.<\/div>\n<\/div>\n<\/div>\n<div class=\"traductor-checkbox form-group\">\n<div class=\"row\">\n<div class=\"col-sm-offset-2 col-sm-5\"><\/div>\n<\/div>\n<\/div>\n<div class=\"traductor-textarea form-group\">\n<div class=\"textarea-desti col-xs-12 col-sm-6\">\n<div class=\"form-control second-textarea\">Les <a href=\"https:\/\/www.tour-sa.com\/ca\/agencia-transport-barcelona\/\">ag\u00e8ncies de transport<\/a> ocupen un lloc preferent en la cadena de distribuci\u00f3 dels vials per a la Covid-19. En els temps que corren, l&#8217;objectiu \u00e9s l&#8217;efic\u00e0cia en el transport de vacunes.<\/div>\n<\/div>\n<\/div>\n","protected":false},"excerpt":{"rendered":"<p>El transport de vacunes contra el coronavirus suposa un gran repte per al sector log\u00edstic. Al nostre pa\u00eds, s\u00f3n molts els agents implicats en la consecuci\u00f3 dels objectius. Encara que, s\u00f3n les ag\u00e8ncies de transport les que han de garantir el subministrament. Les mesures de control del servei de transport es basen en el compliment [&hellip;]<\/p>\n","protected":false},"author":3,"featured_media":5605,"comment_status":"closed","ping_status":"closed","sticky":false,"template":"","format":"standard","meta":{"_et_pb_use_builder":"","_et_pb_old_content":"","_et_gb_content_width":""},"categories":[21],"tags":[],"yoast_head":"<!-- This site is optimized with the Yoast SEO plugin v18.4.1 - https:\/\/yoast.com\/wordpress\/plugins\/seo\/ -->\n<title>Transport de vacunes per a la Covid-19 | Tour SA missatgers<\/title>\n<meta name=\"description\" content=\"El transport de vacunes contra el coronavirus \u00e9s un gran repte per a les ag\u00e8ncies de transport que han de garantir el subministrament.\" \/>\n<meta name=\"robots\" content=\"index, follow, max-snippet:-1, max-image-preview:large, max-video-preview:-1\" \/>\n<link rel=\"canonical\" href=\"https:\/\/www.tour-sa.com\/ca\/transport-vacunes-covid19\/\" \/>\n<meta property=\"og:locale\" content=\"ca_ES\" \/>\n<meta property=\"og:type\" content=\"article\" \/>\n<meta property=\"og:title\" content=\"Transport de vacunes per a la Covid-19 | Tour SA missatgers\" \/>\n<meta property=\"og:description\" content=\"El transport de vacunes contra el coronavirus \u00e9s un gran repte per a les ag\u00e8ncies de transport que han de garantir el subministrament.\" \/>\n<meta property=\"og:url\" content=\"https:\/\/www.tour-sa.com\/ca\/transport-vacunes-covid19\/\" \/>\n<meta property=\"og:site_name\" content=\"Tour SA\" \/>\n<meta property=\"article:published_time\" content=\"2021-04-29T13:44:39+00:00\" \/>\n<meta property=\"article:modified_time\" content=\"2021-04-29T13:52:16+00:00\" \/>\n<meta property=\"og:image\" content=\"https:\/\/www.tour-sa.com\/wp-content\/uploads\/2021\/04\/transport-vacunes.jpg\" \/>\n\t<meta property=\"og:image:width\" content=\"1080\" \/>\n\t<meta property=\"og:image:height\" content=\"720\" \/>\n\t<meta property=\"og:image:type\" content=\"image\/jpeg\" \/>\n<meta name=\"twitter:card\" content=\"summary\" \/>\n<meta name=\"twitter:title\" content=\"Transport de vacunes per a la Covid-19 | Tour SA missatgers\" \/>\n<meta name=\"twitter:description\" content=\"El transport de vacunes contra el coronavirus \u00e9s un gran repte per a les ag\u00e8ncies de transport que han de garantir el subministrament.\" \/>\n<meta name=\"twitter:image\" content=\"https:\/\/www.tour-sa.com\/wp-content\/uploads\/2021\/04\/transport-vacunes.jpg\" \/>\n<meta name=\"twitter:label1\" content=\"Escrit per\" \/>\n\t<meta name=\"twitter:data1\" content=\"Tour SA\" \/>\n\t<meta name=\"twitter:label2\" content=\"Temps estimat de lectura\" \/>\n\t<meta name=\"twitter:data2\" content=\"3 minuts\" \/>\n<script type=\"application\/ld+json\" class=\"yoast-schema-graph\">{\"@context\":\"https:\/\/schema.org\",\"@graph\":[{\"@type\":\"Organization\",\"@id\":\"https:\/\/www.tour-sa.com\/#organization\",\"name\":\"Tour SA\",\"url\":\"https:\/\/www.tour-sa.com\/\",\"sameAs\":[],\"logo\":{\"@type\":\"ImageObject\",\"@id\":\"https:\/\/www.tour-sa.com\/#logo\",\"inLanguage\":\"ca\",\"url\":\"\",\"contentUrl\":\"\",\"caption\":\"Tour SA\"},\"image\":{\"@id\":\"https:\/\/www.tour-sa.com\/#logo\"}},{\"@type\":\"WebSite\",\"@id\":\"https:\/\/www.tour-sa.com\/#website\",\"url\":\"https:\/\/www.tour-sa.com\/\",\"name\":\"Tour SA\",\"description\":\"Missatgeria urgent, transport, log\u00edstica i distribuci\u00f3\",\"publisher\":{\"@id\":\"https:\/\/www.tour-sa.com\/#organization\"},\"potentialAction\":[{\"@type\":\"SearchAction\",\"target\":{\"@type\":\"EntryPoint\",\"urlTemplate\":\"https:\/\/www.tour-sa.com\/?s={search_term_string}\"},\"query-input\":\"required name=search_term_string\"}],\"inLanguage\":\"ca\"},{\"@type\":\"ImageObject\",\"@id\":\"https:\/\/www.tour-sa.com\/ca\/transport-vacunes-covid19\/#primaryimage\",\"inLanguage\":\"ca\",\"url\":\"https:\/\/www.tour-sa.com\/wp-content\/uploads\/2021\/04\/transport-vacunes.jpg\",\"contentUrl\":\"https:\/\/www.tour-sa.com\/wp-content\/uploads\/2021\/04\/transport-vacunes.jpg\",\"width\":1080,\"height\":720,\"caption\":\"transport de vacunes\"},{\"@type\":\"WebPage\",\"@id\":\"https:\/\/www.tour-sa.com\/ca\/transport-vacunes-covid19\/#webpage\",\"url\":\"https:\/\/www.tour-sa.com\/ca\/transport-vacunes-covid19\/\",\"name\":\"Transport de vacunes per a la Covid-19 | Tour SA missatgers\",\"isPartOf\":{\"@id\":\"https:\/\/www.tour-sa.com\/#website\"},\"primaryImageOfPage\":{\"@id\":\"https:\/\/www.tour-sa.com\/ca\/transport-vacunes-covid19\/#primaryimage\"},\"datePublished\":\"2021-04-29T13:44:39+00:00\",\"dateModified\":\"2021-04-29T13:52:16+00:00\",\"description\":\"El transport de vacunes contra el coronavirus \u00e9s un gran repte per a les ag\u00e8ncies de transport que han de garantir el subministrament.\",\"breadcrumb\":{\"@id\":\"https:\/\/www.tour-sa.com\/ca\/transport-vacunes-covid19\/#breadcrumb\"},\"inLanguage\":\"ca\",\"potentialAction\":[{\"@type\":\"ReadAction\",\"target\":[\"https:\/\/www.tour-sa.com\/ca\/transport-vacunes-covid19\/\"]}]},{\"@type\":\"BreadcrumbList\",\"@id\":\"https:\/\/www.tour-sa.com\/ca\/transport-vacunes-covid19\/#breadcrumb\",\"itemListElement\":[{\"@type\":\"ListItem\",\"position\":1,\"name\":\"Portada\",\"item\":\"https:\/\/www.tour-sa.com\/ca\/\"},{\"@type\":\"ListItem\",\"position\":2,\"name\":\"Transport de vacunes per a la Covid-19. La log\u00edstica al rescat.\"}]},{\"@type\":\"Article\",\"@id\":\"https:\/\/www.tour-sa.com\/ca\/transport-vacunes-covid19\/#article\",\"isPartOf\":{\"@id\":\"https:\/\/www.tour-sa.com\/ca\/transport-vacunes-covid19\/#webpage\"},\"author\":{\"@id\":\"https:\/\/www.tour-sa.com\/#\/schema\/person\/18fad9d124c4d4b0142a5c1832535c1c\"},\"headline\":\"Transport de vacunes per a la Covid-19. La log\u00edstica al rescat.\",\"datePublished\":\"2021-04-29T13:44:39+00:00\",\"dateModified\":\"2021-04-29T13:52:16+00:00\",\"mainEntityOfPage\":{\"@id\":\"https:\/\/www.tour-sa.com\/ca\/transport-vacunes-covid19\/#webpage\"},\"wordCount\":462,\"publisher\":{\"@id\":\"https:\/\/www.tour-sa.com\/#organization\"},\"image\":{\"@id\":\"https:\/\/www.tour-sa.com\/ca\/transport-vacunes-covid19\/#primaryimage\"},\"thumbnailUrl\":\"https:\/\/www.tour-sa.com\/wp-content\/uploads\/2021\/04\/transport-vacunes.jpg\",\"articleSection\":[\"Blog\"],\"inLanguage\":\"ca\"},{\"@type\":\"Person\",\"@id\":\"https:\/\/www.tour-sa.com\/#\/schema\/person\/18fad9d124c4d4b0142a5c1832535c1c\",\"name\":\"Tour SA\",\"image\":{\"@type\":\"ImageObject\",\"@id\":\"https:\/\/www.tour-sa.com\/#personlogo\",\"inLanguage\":\"ca\",\"url\":\"https:\/\/secure.gravatar.com\/avatar\/bde345e85304637bccb3962a5d421a2d?s=96&d=mm&r=g\",\"contentUrl\":\"https:\/\/secure.gravatar.com\/avatar\/bde345e85304637bccb3962a5d421a2d?s=96&d=mm&r=g\",\"caption\":\"Tour SA\"},\"url\":\"https:\/\/www.tour-sa.com\/ca\/author\/70u3s4ds7ri8uc10\/\"}]}<\/script>\n<!-- \/ Yoast SEO plugin. -->","yoast_head_json":{"title":"Transport de vacunes per a la Covid-19 | Tour SA missatgers","description":"El transport de vacunes contra el coronavirus \u00e9s un gran repte per a les ag\u00e8ncies de transport que han de garantir el subministrament.","robots":{"index":"index","follow":"follow","max-snippet":"max-snippet:-1","max-image-preview":"max-image-preview:large","max-video-preview":"max-video-preview:-1"},"canonical":"https:\/\/www.tour-sa.com\/ca\/transport-vacunes-covid19\/","og_locale":"ca_ES","og_type":"article","og_title":"Transport de vacunes per a la Covid-19 | Tour SA missatgers","og_description":"El transport de vacunes contra el coronavirus \u00e9s un gran repte per a les ag\u00e8ncies de transport que han de garantir el subministrament.","og_url":"https:\/\/www.tour-sa.com\/ca\/transport-vacunes-covid19\/","og_site_name":"Tour SA","article_published_time":"2021-04-29T13:44:39+00:00","article_modified_time":"2021-04-29T13:52:16+00:00","og_image":[{"width":1080,"height":720,"url":"https:\/\/www.tour-sa.com\/wp-content\/uploads\/2021\/04\/transport-vacunes.jpg","type":"image\/jpeg"}],"twitter_card":"summary","twitter_title":"Transport de vacunes per a la Covid-19 | Tour SA missatgers","twitter_description":"El transport de vacunes contra el coronavirus \u00e9s un gran repte per a les ag\u00e8ncies de transport que han de garantir el subministrament.","twitter_image":"https:\/\/www.tour-sa.com\/wp-content\/uploads\/2021\/04\/transport-vacunes.jpg","twitter_misc":{"Escrit per":"Tour SA","Temps estimat de lectura":"3 minuts"},"schema":{"@context":"https:\/\/schema.org","@graph":[{"@type":"Organization","@id":"https:\/\/www.tour-sa.com\/#organization","name":"Tour SA","url":"https:\/\/www.tour-sa.com\/","sameAs":[],"logo":{"@type":"ImageObject","@id":"https:\/\/www.tour-sa.com\/#logo","inLanguage":"ca","url":"","contentUrl":"","caption":"Tour SA"},"image":{"@id":"https:\/\/www.tour-sa.com\/#logo"}},{"@type":"WebSite","@id":"https:\/\/www.tour-sa.com\/#website","url":"https:\/\/www.tour-sa.com\/","name":"Tour SA","description":"Missatgeria urgent, transport, log\u00edstica i distribuci\u00f3","publisher":{"@id":"https:\/\/www.tour-sa.com\/#organization"},"potentialAction":[{"@type":"SearchAction","target":{"@type":"EntryPoint","urlTemplate":"https:\/\/www.tour-sa.com\/?s={search_term_string}"},"query-input":"required name=search_term_string"}],"inLanguage":"ca"},{"@type":"ImageObject","@id":"https:\/\/www.tour-sa.com\/ca\/transport-vacunes-covid19\/#primaryimage","inLanguage":"ca","url":"https:\/\/www.tour-sa.com\/wp-content\/uploads\/2021\/04\/transport-vacunes.jpg","contentUrl":"https:\/\/www.tour-sa.com\/wp-content\/uploads\/2021\/04\/transport-vacunes.jpg","width":1080,"height":720,"caption":"transport de vacunes"},{"@type":"WebPage","@id":"https:\/\/www.tour-sa.com\/ca\/transport-vacunes-covid19\/#webpage","url":"https:\/\/www.tour-sa.com\/ca\/transport-vacunes-covid19\/","name":"Transport de vacunes per a la Covid-19 | Tour SA missatgers","isPartOf":{"@id":"https:\/\/www.tour-sa.com\/#website"},"primaryImageOfPage":{"@id":"https:\/\/www.tour-sa.com\/ca\/transport-vacunes-covid19\/#primaryimage"},"datePublished":"2021-04-29T13:44:39+00:00","dateModified":"2021-04-29T13:52:16+00:00","description":"El transport de vacunes contra el coronavirus \u00e9s un gran repte per a les ag\u00e8ncies de transport que han de garantir el subministrament.","breadcrumb":{"@id":"https:\/\/www.tour-sa.com\/ca\/transport-vacunes-covid19\/#breadcrumb"},"inLanguage":"ca","potentialAction":[{"@type":"ReadAction","target":["https:\/\/www.tour-sa.com\/ca\/transport-vacunes-covid19\/"]}]},{"@type":"BreadcrumbList","@id":"https:\/\/www.tour-sa.com\/ca\/transport-vacunes-covid19\/#breadcrumb","itemListElement":[{"@type":"ListItem","position":1,"name":"Portada","item":"https:\/\/www.tour-sa.com\/ca\/"},{"@type":"ListItem","position":2,"name":"Transport de vacunes per a la Covid-19. La log\u00edstica al rescat."}]},{"@type":"Article","@id":"https:\/\/www.tour-sa.com\/ca\/transport-vacunes-covid19\/#article","isPartOf":{"@id":"https:\/\/www.tour-sa.com\/ca\/transport-vacunes-covid19\/#webpage"},"author":{"@id":"https:\/\/www.tour-sa.com\/#\/schema\/person\/18fad9d124c4d4b0142a5c1832535c1c"},"headline":"Transport de vacunes per a la Covid-19. La log\u00edstica al rescat.","datePublished":"2021-04-29T13:44:39+00:00","dateModified":"2021-04-29T13:52:16+00:00","mainEntityOfPage":{"@id":"https:\/\/www.tour-sa.com\/ca\/transport-vacunes-covid19\/#webpage"},"wordCount":462,"publisher":{"@id":"https:\/\/www.tour-sa.com\/#organization"},"image":{"@id":"https:\/\/www.tour-sa.com\/ca\/transport-vacunes-covid19\/#primaryimage"},"thumbnailUrl":"https:\/\/www.tour-sa.com\/wp-content\/uploads\/2021\/04\/transport-vacunes.jpg","articleSection":["Blog"],"inLanguage":"ca"},{"@type":"Person","@id":"https:\/\/www.tour-sa.com\/#\/schema\/person\/18fad9d124c4d4b0142a5c1832535c1c","name":"Tour SA","image":{"@type":"ImageObject","@id":"https:\/\/www.tour-sa.com\/#personlogo","inLanguage":"ca","url":"https:\/\/secure.gravatar.com\/avatar\/bde345e85304637bccb3962a5d421a2d?s=96&d=mm&r=g","contentUrl":"https:\/\/secure.gravatar.com\/avatar\/bde345e85304637bccb3962a5d421a2d?s=96&d=mm&r=g","caption":"Tour SA"},"url":"https:\/\/www.tour-sa.com\/ca\/author\/70u3s4ds7ri8uc10\/"}]}},"_links":{"self":[{"href":"https:\/\/www.tour-sa.com\/ca\/wp-json\/wp\/v2\/posts\/5601"}],"collection":[{"href":"https:\/\/www.tour-sa.com\/ca\/wp-json\/wp\/v2\/posts"}],"about":[{"href":"https:\/\/www.tour-sa.com\/ca\/wp-json\/wp\/v2\/types\/post"}],"author":[{"embeddable":true,"href":"https:\/\/www.tour-sa.com\/ca\/wp-json\/wp\/v2\/users\/3"}],"replies":[{"embeddable":true,"href":"https:\/\/www.tour-sa.com\/ca\/wp-json\/wp\/v2\/comments?post=5601"}],"version-history":[{"count":0,"href":"https:\/\/www.tour-sa.com\/ca\/wp-json\/wp\/v2\/posts\/5601\/revisions"}],"wp:featuredmedia":[{"embeddable":true,"href":"https:\/\/www.tour-sa.com\/ca\/wp-json\/wp\/v2\/media\/5605"}],"wp:attachment":[{"href":"https:\/\/www.tour-sa.com\/ca\/wp-json\/wp\/v2\/media?parent=5601"}],"wp:term":[{"taxonomy":"category","embeddable":true,"href":"https:\/\/www.tour-sa.com\/ca\/wp-json\/wp\/v2\/categories?post=5601"},{"taxonomy":"post_tag","embeddable":true,"href":"https:\/\/www.tour-sa.com\/ca\/wp-json\/wp\/v2\/tags?post=5601"}],"curies":[{"name":"wp","href":"https:\/\/api.w.org\/{rel}","templated":true}]}}