{"id":2383,"date":"2016-07-22T08:13:07","date_gmt":"2016-07-22T08:13:07","guid":{"rendered":"https:\/\/www.tour-sa.com\/982\/"},"modified":"2021-02-15T11:12:14","modified_gmt":"2021-02-15T10:12:14","slug":"reptes-transport-europa","status":"publish","type":"post","link":"https:\/\/www.tour-sa.com\/ca\/reptes-transport-europa\/","title":{"rendered":"3 reptes de futur per al transport a Europa"},"content":{"rendered":"<p>El transport a Europa est\u00e0 canviant molt\u00edssim i les expectatives apunten que, la <a href=\"https:\/\/www.tour-sa.com\/ca\/transport-internacional\/\"><strong>missatgeria internacional<\/strong><\/a> canvi\u00ef de paradigma completament. Encara que, per entendre on anem \u00e9s important llan\u00e7ar una retrospectiva que ens aclareixi d&#8217;on venim. Des de\u00a0Tour SA, ens hem perm\u00e8s apuntar els 3 reptes de futur que marcaran el transport a Europa durant els anys vinents.<\/p>\n<div id=\"toc_container\" class=\"no_bullets\"><p class=\"toc_title\">&iacute;ndice<\/p><ul class=\"toc_list\"><li><a href=\"#1_Mes_empreses_dedicades_al_sector_transport\"><span class=\"toc_number toc_depth_1\">1<\/span> 1. M\u00e9s empreses dedicades al sector transport<\/a><\/li><li><a href=\"#2_El_transport_a_Europa_es_mes_barat_i_mes_facil\"><span class=\"toc_number toc_depth_1\">2<\/span> 2. El transport a Europa \u00e9s m\u00e9s barat i m\u00e9s f\u00e0cil<\/a><\/li><li><a href=\"#3_Auge_de_l8217transport_aeri_internacional\"><span class=\"toc_number toc_depth_1\">3<\/span> 3. Auge de l&#8217;transport aeri internacional<\/a><\/li><\/ul><\/div>\n<h2><span id=\"1_Mes_empreses_dedicades_al_sector_transport\">1. M\u00e9s empreses dedicades al sector transport<\/span><\/h2>\n<p>La globalitzaci\u00f3 ha convertit el m\u00f3n en un mercat internacional en el qual qualsevol pot vendre o comprar. En el sector log\u00edstic, aix\u00f2 es tradueix en una ferotge compet\u00e8ncia entre grans corporacions del sector transport que lluiten entre si per aconseguir abastar a m\u00e9s espectres del mercat internacional.<\/p>\n<p>Fins ara, els grans operadors log\u00edstics -majorit\u00e0riament, nord-americans i japonesos- gaudien d&#8217;un monopoli del mercat log\u00edstic. En part, perqu\u00e8 nom\u00e9s ells dominaven la tecnologia necess\u00e0ria per implementar una empresa de missatgeria i paqueteria efica\u00e7.<\/p>\n<p>Encara que, ja a mitjans del segle passat, la inversi\u00f3 que va realitzar la Xina i la majoria dels estats membre de la Uni\u00f3 Europea en R + D va aconseguir equilibrar la balan\u00e7a del transport. Ara per ara, el sector gaudeix d&#8217;una sana compet\u00e8ncia entre empreses de tot el m\u00f3n.<\/p>\n<p><img class=\"aligncenter wp-image-5462 size-full\" title=\"transport a Europa\" src=\"https:\/\/www.tour-sa.com\/wp-content\/uploads\/2016\/07\/trans-europa.jpg\" alt=\"transport a Europa\" width=\"900\" height=\"500\" srcset=\"https:\/\/www.tour-sa.com\/wp-content\/uploads\/2016\/07\/trans-europa.jpg 900w, https:\/\/www.tour-sa.com\/wp-content\/uploads\/2016\/07\/trans-europa-480x267.jpg 480w\" sizes=\"(min-width: 0px) and (max-width: 480px) 480px, (min-width: 481px) 900px, 100vw\" \/><\/p>\n<h2><span id=\"2_El_transport_a_Europa_es_mes_barat_i_mes_facil\">2. El transport a Europa \u00e9s m\u00e9s barat i m\u00e9s f\u00e0cil<\/span><\/h2>\n<p>El fet que ara comptem amb m\u00e9s empreses dins del sector fa que, inevitablement, <strong>ara sigui m\u00e9s f\u00e0cil i m\u00e9s barat el transport<\/strong>. \u00c9s la llei de l&#8217;oferta i la demanda.<\/p>\n<p>Qualsevol ciutad\u00e0 europeu pot viatjar a qualsevol punt de continent a un m\u00f2dic preu. S\u00f3n moltes les companyies a\u00e8ries internacionals que han llan\u00e7at una segona marca de baix cost per satisfer les necessitats de transport a Europa.<\/p>\n<p>Encara que, aix\u00f2 s\u00ed, en el futur, la demanda ser\u00e0 cada vegada m\u00e9s exigent amb les l\u00ednies de transport aeri de baix cost d&#8217;Europa. El repte est\u00e0 a esbrinar com seran capa\u00e7os d&#8217;oferir un <strong>nivell de qualitat elevat mantenint el preu competitiu<\/strong> de mercat.<\/p>\n<h2><span id=\"3_Auge_de_l8217transport_aeri_internacional\">3. Auge de l&#8217;transport aeri internacional<\/span><\/h2>\n<p>El sistema de transport aeri ha marcat el progr\u00e9s d&#8217;Europa en els \u00faltims anys. Tots els pa\u00efsos europeus compten amb una infraestructura aeron\u00e0utica molt desenvolupada amb un alt flux comercial.<\/p>\n<p>Aix\u00f2 ha facilitat que el transport aeri internacional hagi augmentat el nivell d&#8217;exportacions entre els pa\u00efsos membre de la Uni\u00f3 Europea i entre la resta de pa\u00efsos del m\u00f3n.<\/p>\n<p>Encara que, segons detalla un informe de la Uni\u00f3 Europea, el transport aeri internacional de la Uni\u00f3 Europea anir\u00e0 en detriment a causa de les limitacions de capacitat d&#8217;Europa i a les grans inversions en aeron\u00e0utica que estan fent altres pa\u00efsos emergents com l&#8217;\u00cdndia o la Xina.<\/p>\n","protected":false},"excerpt":{"rendered":"<p>El transport a Europa est\u00e0 canviant molt\u00edssim i les expectatives apunten que, la missatgeria internacional canvi\u00ef de paradigma completament. Encara que, per entendre on anem \u00e9s important llan\u00e7ar una retrospectiva que ens aclareixi d&#8217;on venim. Des de\u00a0Tour SA, ens hem perm\u00e8s apuntar els 3 reptes de futur que marcaran el transport a Europa durant els [&hellip;]<\/p>\n","protected":false},"author":3,"featured_media":5460,"comment_status":"open","ping_status":"open","sticky":false,"template":"","format":"standard","meta":{"_et_pb_use_builder":"","_et_pb_old_content":"","_et_gb_content_width":""},"categories":[21],"tags":[22],"yoast_head":"<!-- This site is optimized with the Yoast SEO plugin v18.4.1 - https:\/\/yoast.com\/wordpress\/plugins\/seo\/ -->\n<title>3 reptes de futur per al transport a Europa | Tour SA<\/title>\n<meta name=\"description\" content=\"Des de Tour SA us apuntem els principals reptes de futur per al transport a Europa. Tot canviar\u00e0 molt\u00edssim en el sector transports\" \/>\n<meta name=\"robots\" content=\"index, follow, max-snippet:-1, max-image-preview:large, max-video-preview:-1\" \/>\n<link rel=\"canonical\" href=\"https:\/\/www.tour-sa.com\/ca\/reptes-transport-europa\/\" \/>\n<meta property=\"og:locale\" content=\"ca_ES\" \/>\n<meta property=\"og:type\" content=\"article\" \/>\n<meta property=\"og:title\" content=\"3 reptes de futur per al transport a Europa | Tour SA\" \/>\n<meta property=\"og:description\" content=\"Des de Tour SA us apuntem els principals reptes de futur per al transport a Europa. Tot canviar\u00e0 molt\u00edssim en el sector transports\" \/>\n<meta property=\"og:url\" content=\"https:\/\/www.tour-sa.com\/ca\/reptes-transport-europa\/\" \/>\n<meta property=\"og:site_name\" content=\"Tour SA\" \/>\n<meta property=\"article:published_time\" content=\"2016-07-22T08:13:07+00:00\" \/>\n<meta property=\"article:modified_time\" content=\"2021-02-15T10:12:14+00:00\" \/>\n<meta property=\"og:image\" content=\"https:\/\/www.tour-sa.com\/wp-content\/uploads\/2016\/07\/transporte-europa.jpg\" \/>\n\t<meta property=\"og:image:width\" content=\"900\" \/>\n\t<meta property=\"og:image:height\" content=\"600\" \/>\n\t<meta property=\"og:image:type\" content=\"image\/jpeg\" \/>\n<meta name=\"twitter:card\" content=\"summary\" \/>\n<meta name=\"twitter:title\" content=\"3 reptes de futur per al transport a Europa | Tour SA\" \/>\n<meta name=\"twitter:description\" content=\"Des de Tour SA us apuntem els principals reptes de futur per al transport a Europa. Tot canviar\u00e0 molt\u00edssim en el sector transports\" \/>\n<meta name=\"twitter:image\" content=\"https:\/\/www.tour-sa.com\/wp-content\/uploads\/2016\/07\/transporte-europa.jpg\" \/>\n<meta name=\"twitter:label1\" content=\"Escrit per\" \/>\n\t<meta name=\"twitter:data1\" content=\"Tour SA\" \/>\n\t<meta name=\"twitter:label2\" content=\"Temps estimat de lectura\" \/>\n\t<meta name=\"twitter:data2\" content=\"3 minuts\" \/>\n<script type=\"application\/ld+json\" class=\"yoast-schema-graph\">{\"@context\":\"https:\/\/schema.org\",\"@graph\":[{\"@type\":\"Organization\",\"@id\":\"https:\/\/www.tour-sa.com\/#organization\",\"name\":\"Tour SA\",\"url\":\"https:\/\/www.tour-sa.com\/\",\"sameAs\":[],\"logo\":{\"@type\":\"ImageObject\",\"@id\":\"https:\/\/www.tour-sa.com\/#logo\",\"inLanguage\":\"ca\",\"url\":\"\",\"contentUrl\":\"\",\"caption\":\"Tour SA\"},\"image\":{\"@id\":\"https:\/\/www.tour-sa.com\/#logo\"}},{\"@type\":\"WebSite\",\"@id\":\"https:\/\/www.tour-sa.com\/#website\",\"url\":\"https:\/\/www.tour-sa.com\/\",\"name\":\"Tour SA\",\"description\":\"Missatgeria urgent, transport, log\u00edstica i distribuci\u00f3\",\"publisher\":{\"@id\":\"https:\/\/www.tour-sa.com\/#organization\"},\"potentialAction\":[{\"@type\":\"SearchAction\",\"target\":{\"@type\":\"EntryPoint\",\"urlTemplate\":\"https:\/\/www.tour-sa.com\/?s={search_term_string}\"},\"query-input\":\"required name=search_term_string\"}],\"inLanguage\":\"ca\"},{\"@type\":\"ImageObject\",\"@id\":\"https:\/\/www.tour-sa.com\/ca\/reptes-transport-europa\/#primaryimage\",\"inLanguage\":\"ca\",\"url\":\"https:\/\/www.tour-sa.com\/wp-content\/uploads\/2016\/07\/transporte-europa.jpg\",\"contentUrl\":\"https:\/\/www.tour-sa.com\/wp-content\/uploads\/2016\/07\/transporte-europa.jpg\",\"width\":900,\"height\":600,\"caption\":\"futuro para el transporte en Europa\"},{\"@type\":\"WebPage\",\"@id\":\"https:\/\/www.tour-sa.com\/ca\/reptes-transport-europa\/#webpage\",\"url\":\"https:\/\/www.tour-sa.com\/ca\/reptes-transport-europa\/\",\"name\":\"3 reptes de futur per al transport a Europa | Tour SA\",\"isPartOf\":{\"@id\":\"https:\/\/www.tour-sa.com\/#website\"},\"primaryImageOfPage\":{\"@id\":\"https:\/\/www.tour-sa.com\/ca\/reptes-transport-europa\/#primaryimage\"},\"datePublished\":\"2016-07-22T08:13:07+00:00\",\"dateModified\":\"2021-02-15T10:12:14+00:00\",\"description\":\"Des de Tour SA us apuntem els principals reptes de futur per al transport a Europa. Tot canviar\u00e0 molt\u00edssim en el sector transports\",\"breadcrumb\":{\"@id\":\"https:\/\/www.tour-sa.com\/ca\/reptes-transport-europa\/#breadcrumb\"},\"inLanguage\":\"ca\",\"potentialAction\":[{\"@type\":\"ReadAction\",\"target\":[\"https:\/\/www.tour-sa.com\/ca\/reptes-transport-europa\/\"]}]},{\"@type\":\"BreadcrumbList\",\"@id\":\"https:\/\/www.tour-sa.com\/ca\/reptes-transport-europa\/#breadcrumb\",\"itemListElement\":[{\"@type\":\"ListItem\",\"position\":1,\"name\":\"Portada\",\"item\":\"https:\/\/www.tour-sa.com\/ca\/\"},{\"@type\":\"ListItem\",\"position\":2,\"name\":\"3 reptes de futur per al transport a Europa\"}]},{\"@type\":\"Article\",\"@id\":\"https:\/\/www.tour-sa.com\/ca\/reptes-transport-europa\/#article\",\"isPartOf\":{\"@id\":\"https:\/\/www.tour-sa.com\/ca\/reptes-transport-europa\/#webpage\"},\"author\":{\"@id\":\"https:\/\/www.tour-sa.com\/#\/schema\/person\/18fad9d124c4d4b0142a5c1832535c1c\"},\"headline\":\"3 reptes de futur per al transport a Europa\",\"datePublished\":\"2016-07-22T08:13:07+00:00\",\"dateModified\":\"2021-02-15T10:12:14+00:00\",\"mainEntityOfPage\":{\"@id\":\"https:\/\/www.tour-sa.com\/ca\/reptes-transport-europa\/#webpage\"},\"wordCount\":475,\"commentCount\":0,\"publisher\":{\"@id\":\"https:\/\/www.tour-sa.com\/#organization\"},\"image\":{\"@id\":\"https:\/\/www.tour-sa.com\/ca\/reptes-transport-europa\/#primaryimage\"},\"thumbnailUrl\":\"https:\/\/www.tour-sa.com\/wp-content\/uploads\/2016\/07\/transporte-europa.jpg\",\"keywords\":[\"transport\"],\"articleSection\":[\"Blog\"],\"inLanguage\":\"ca\",\"potentialAction\":[{\"@type\":\"CommentAction\",\"name\":\"Comment\",\"target\":[\"https:\/\/www.tour-sa.com\/ca\/reptes-transport-europa\/#respond\"]}]},{\"@type\":\"Person\",\"@id\":\"https:\/\/www.tour-sa.com\/#\/schema\/person\/18fad9d124c4d4b0142a5c1832535c1c\",\"name\":\"Tour SA\",\"image\":{\"@type\":\"ImageObject\",\"@id\":\"https:\/\/www.tour-sa.com\/#personlogo\",\"inLanguage\":\"ca\",\"url\":\"https:\/\/secure.gravatar.com\/avatar\/bde345e85304637bccb3962a5d421a2d?s=96&d=mm&r=g\",\"contentUrl\":\"https:\/\/secure.gravatar.com\/avatar\/bde345e85304637bccb3962a5d421a2d?s=96&d=mm&r=g\",\"caption\":\"Tour SA\"},\"url\":\"https:\/\/www.tour-sa.com\/ca\/author\/70u3s4ds7ri8uc10\/\"}]}<\/script>\n<!-- \/ Yoast SEO plugin. -->","yoast_head_json":{"title":"3 reptes de futur per al transport a Europa | Tour SA","description":"Des de Tour SA us apuntem els principals reptes de futur per al transport a Europa. Tot canviar\u00e0 molt\u00edssim en el sector transports","robots":{"index":"index","follow":"follow","max-snippet":"max-snippet:-1","max-image-preview":"max-image-preview:large","max-video-preview":"max-video-preview:-1"},"canonical":"https:\/\/www.tour-sa.com\/ca\/reptes-transport-europa\/","og_locale":"ca_ES","og_type":"article","og_title":"3 reptes de futur per al transport a Europa | Tour SA","og_description":"Des de Tour SA us apuntem els principals reptes de futur per al transport a Europa. Tot canviar\u00e0 molt\u00edssim en el sector transports","og_url":"https:\/\/www.tour-sa.com\/ca\/reptes-transport-europa\/","og_site_name":"Tour SA","article_published_time":"2016-07-22T08:13:07+00:00","article_modified_time":"2021-02-15T10:12:14+00:00","og_image":[{"width":900,"height":600,"url":"https:\/\/www.tour-sa.com\/wp-content\/uploads\/2016\/07\/transporte-europa.jpg","type":"image\/jpeg"}],"twitter_card":"summary","twitter_title":"3 reptes de futur per al transport a Europa | Tour SA","twitter_description":"Des de Tour SA us apuntem els principals reptes de futur per al transport a Europa. Tot canviar\u00e0 molt\u00edssim en el sector transports","twitter_image":"https:\/\/www.tour-sa.com\/wp-content\/uploads\/2016\/07\/transporte-europa.jpg","twitter_misc":{"Escrit per":"Tour SA","Temps estimat de lectura":"3 minuts"},"schema":{"@context":"https:\/\/schema.org","@graph":[{"@type":"Organization","@id":"https:\/\/www.tour-sa.com\/#organization","name":"Tour SA","url":"https:\/\/www.tour-sa.com\/","sameAs":[],"logo":{"@type":"ImageObject","@id":"https:\/\/www.tour-sa.com\/#logo","inLanguage":"ca","url":"","contentUrl":"","caption":"Tour SA"},"image":{"@id":"https:\/\/www.tour-sa.com\/#logo"}},{"@type":"WebSite","@id":"https:\/\/www.tour-sa.com\/#website","url":"https:\/\/www.tour-sa.com\/","name":"Tour SA","description":"Missatgeria urgent, transport, log\u00edstica i distribuci\u00f3","publisher":{"@id":"https:\/\/www.tour-sa.com\/#organization"},"potentialAction":[{"@type":"SearchAction","target":{"@type":"EntryPoint","urlTemplate":"https:\/\/www.tour-sa.com\/?s={search_term_string}"},"query-input":"required name=search_term_string"}],"inLanguage":"ca"},{"@type":"ImageObject","@id":"https:\/\/www.tour-sa.com\/ca\/reptes-transport-europa\/#primaryimage","inLanguage":"ca","url":"https:\/\/www.tour-sa.com\/wp-content\/uploads\/2016\/07\/transporte-europa.jpg","contentUrl":"https:\/\/www.tour-sa.com\/wp-content\/uploads\/2016\/07\/transporte-europa.jpg","width":900,"height":600,"caption":"futuro para el transporte en Europa"},{"@type":"WebPage","@id":"https:\/\/www.tour-sa.com\/ca\/reptes-transport-europa\/#webpage","url":"https:\/\/www.tour-sa.com\/ca\/reptes-transport-europa\/","name":"3 reptes de futur per al transport a Europa | Tour SA","isPartOf":{"@id":"https:\/\/www.tour-sa.com\/#website"},"primaryImageOfPage":{"@id":"https:\/\/www.tour-sa.com\/ca\/reptes-transport-europa\/#primaryimage"},"datePublished":"2016-07-22T08:13:07+00:00","dateModified":"2021-02-15T10:12:14+00:00","description":"Des de Tour SA us apuntem els principals reptes de futur per al transport a Europa. Tot canviar\u00e0 molt\u00edssim en el sector transports","breadcrumb":{"@id":"https:\/\/www.tour-sa.com\/ca\/reptes-transport-europa\/#breadcrumb"},"inLanguage":"ca","potentialAction":[{"@type":"ReadAction","target":["https:\/\/www.tour-sa.com\/ca\/reptes-transport-europa\/"]}]},{"@type":"BreadcrumbList","@id":"https:\/\/www.tour-sa.com\/ca\/reptes-transport-europa\/#breadcrumb","itemListElement":[{"@type":"ListItem","position":1,"name":"Portada","item":"https:\/\/www.tour-sa.com\/ca\/"},{"@type":"ListItem","position":2,"name":"3 reptes de futur per al transport a Europa"}]},{"@type":"Article","@id":"https:\/\/www.tour-sa.com\/ca\/reptes-transport-europa\/#article","isPartOf":{"@id":"https:\/\/www.tour-sa.com\/ca\/reptes-transport-europa\/#webpage"},"author":{"@id":"https:\/\/www.tour-sa.com\/#\/schema\/person\/18fad9d124c4d4b0142a5c1832535c1c"},"headline":"3 reptes de futur per al transport a Europa","datePublished":"2016-07-22T08:13:07+00:00","dateModified":"2021-02-15T10:12:14+00:00","mainEntityOfPage":{"@id":"https:\/\/www.tour-sa.com\/ca\/reptes-transport-europa\/#webpage"},"wordCount":475,"commentCount":0,"publisher":{"@id":"https:\/\/www.tour-sa.com\/#organization"},"image":{"@id":"https:\/\/www.tour-sa.com\/ca\/reptes-transport-europa\/#primaryimage"},"thumbnailUrl":"https:\/\/www.tour-sa.com\/wp-content\/uploads\/2016\/07\/transporte-europa.jpg","keywords":["transport"],"articleSection":["Blog"],"inLanguage":"ca","potentialAction":[{"@type":"CommentAction","name":"Comment","target":["https:\/\/www.tour-sa.com\/ca\/reptes-transport-europa\/#respond"]}]},{"@type":"Person","@id":"https:\/\/www.tour-sa.com\/#\/schema\/person\/18fad9d124c4d4b0142a5c1832535c1c","name":"Tour SA","image":{"@type":"ImageObject","@id":"https:\/\/www.tour-sa.com\/#personlogo","inLanguage":"ca","url":"https:\/\/secure.gravatar.com\/avatar\/bde345e85304637bccb3962a5d421a2d?s=96&d=mm&r=g","contentUrl":"https:\/\/secure.gravatar.com\/avatar\/bde345e85304637bccb3962a5d421a2d?s=96&d=mm&r=g","caption":"Tour SA"},"url":"https:\/\/www.tour-sa.com\/ca\/author\/70u3s4ds7ri8uc10\/"}]}},"_links":{"self":[{"href":"https:\/\/www.tour-sa.com\/ca\/wp-json\/wp\/v2\/posts\/2383"}],"collection":[{"href":"https:\/\/www.tour-sa.com\/ca\/wp-json\/wp\/v2\/posts"}],"about":[{"href":"https:\/\/www.tour-sa.com\/ca\/wp-json\/wp\/v2\/types\/post"}],"author":[{"embeddable":true,"href":"https:\/\/www.tour-sa.com\/ca\/wp-json\/wp\/v2\/users\/3"}],"replies":[{"embeddable":true,"href":"https:\/\/www.tour-sa.com\/ca\/wp-json\/wp\/v2\/comments?post=2383"}],"version-history":[{"count":0,"href":"https:\/\/www.tour-sa.com\/ca\/wp-json\/wp\/v2\/posts\/2383\/revisions"}],"wp:featuredmedia":[{"embeddable":true,"href":"https:\/\/www.tour-sa.com\/ca\/wp-json\/wp\/v2\/media\/5460"}],"wp:attachment":[{"href":"https:\/\/www.tour-sa.com\/ca\/wp-json\/wp\/v2\/media?parent=2383"}],"wp:term":[{"taxonomy":"category","embeddable":true,"href":"https:\/\/www.tour-sa.com\/ca\/wp-json\/wp\/v2\/categories?post=2383"},{"taxonomy":"post_tag","embeddable":true,"href":"https:\/\/www.tour-sa.com\/ca\/wp-json\/wp\/v2\/tags?post=2383"}],"curies":[{"name":"wp","href":"https:\/\/api.w.org\/{rel}","templated":true}]}}